{"id":1947,"date":"2015-07-06T05:22:35","date_gmt":"2015-07-06T05:22:35","guid":{"rendered":"http:\/\/czucieiwiara.pl\/?p=1947"},"modified":"2015-07-06T05:22:35","modified_gmt":"2015-07-06T05:22:35","slug":"jak-pisarz-z-pisarzem","status":"publish","type":"post","link":"http:\/\/legendywarszawskie.pl\/?p=1947","title":{"rendered":"Jak pisarz z pisarzem"},"content":{"rendered":"<p><a href=\"http:\/\/czucieiwiara.pl\/wp-content\/uploads\/2015\/03\/piekarska1a-2.jpg\"><img loading=\"lazy\" decoding=\"async\" class=\"alignleft size-medium wp-image-1635\" src=\"http:\/\/czucieiwiara.pl\/wp-content\/uploads\/2015\/03\/piekarska1a-2-212x300.jpg\" alt=\"piekarska1a (2)\" width=\"212\" height=\"300\" srcset=\"http:\/\/legendywarszawskie.pl\/wp-content\/uploads\/2015\/03\/piekarska1a-2-212x300.jpg 212w, http:\/\/legendywarszawskie.pl\/wp-content\/uploads\/2015\/03\/piekarska1a-2.jpg 600w\" sizes=\"auto, (max-width: 212px) 100vw, 212px\" \/><\/a>Wac\u0142aw Holewi\u0144ski i Marek \u0141awrynowicz zapraszaj\u0105 do wys\u0142uchania najnowszej audycji w Radiu Wnet &#8211; &#8222;Jak pisarz z pisarzem&#8221;. Go\u015bciem audycji by\u0142a Ma\u0142gorzata Karolina Piekarska, a rozmawiano o jej najnowszej ksi\u0105\u017cce &#8222;Czucie i wiara czyli warszawskie duchy&#8221;.\u00a0A audycji mo\u017cna pos\u0142ucha\u0107 na stronie:\u00a0<a href=\"http:\/\/www.radiownet.pl\/publikacje\/jak-pisarz-z-pisarzem-malgorza-karolina-piekarska\" target=\"_blank\">http:\/\/www.radiownet.pl\/publikacje\/jak-pisarz-z-pisarzem-malgorza-karolina-piekarska<\/a><\/p>\n","protected":false},"excerpt":{"rendered":"<p>Wac\u0142aw Holewi\u0144ski i Marek \u0141awrynowicz zapraszaj\u0105 do wys\u0142uchania najnowszej audycji w Radiu Wnet &#8211; &#8222;Jak pisarz z pisarzem&#8221;. Go\u015bciem audycji by\u0142a Ma\u0142gorzata Karolina Piekarska, a rozmawiano o jej najnowszej ksi\u0105\u017cce <a class=\"more-link\" href=\"http:\/\/legendywarszawskie.pl\/?p=1947\">Continue Reading &rarr;<\/a><\/p>\n","protected":false},"author":1,"featured_media":1635,"comment_status":"closed","ping_status":"closed","sticky":false,"template":"","format":"standard","meta":{"footnotes":""},"categories":[7,6,5,8,9,11,10,180,12,13,14,15,16,17,18,19,20,21,22],"tags":[193,203,194,224,189],"class_list":["post-1947","post","type-post","status-publish","format-standard","has-post-thumbnail","hentry","category-bemowo","category-bialoleka","category-bielany","category-mokotow","category-ochota","category-praga-polnoc","category-praga-poludnie","category-promocja","category-rembertow","category-srodmiescie","category-targowek","category-ursus","category-ursynow","category-wawer","category-wesola","category-wilanow","category-wlochy","category-wola","category-zoliborz","tag-audycja","tag-marek-lawrynowicz","tag-radio","tag-radio-wnet","tag-waclaw-holewinski"],"_links":{"self":[{"href":"http:\/\/legendywarszawskie.pl\/index.php?rest_route=\/wp\/v2\/posts\/1947","targetHints":{"allow":["GET"]}}],"collection":[{"href":"http:\/\/legendywarszawskie.pl\/index.php?rest_route=\/wp\/v2\/posts"}],"about":[{"href":"http:\/\/legendywarszawskie.pl\/index.php?rest_route=\/wp\/v2\/types\/post"}],"author":[{"embeddable":true,"href":"http:\/\/legendywarszawskie.pl\/index.php?rest_route=\/wp\/v2\/users\/1"}],"replies":[{"embeddable":true,"href":"http:\/\/legendywarszawskie.pl\/index.php?rest_route=%2Fwp%2Fv2%2Fcomments&post=1947"}],"version-history":[{"count":1,"href":"http:\/\/legendywarszawskie.pl\/index.php?rest_route=\/wp\/v2\/posts\/1947\/revisions"}],"predecessor-version":[{"id":1948,"href":"http:\/\/legendywarszawskie.pl\/index.php?rest_route=\/wp\/v2\/posts\/1947\/revisions\/1948"}],"wp:featuredmedia":[{"embeddable":true,"href":"http:\/\/legendywarszawskie.pl\/index.php?rest_route=\/wp\/v2\/media\/1635"}],"wp:attachment":[{"href":"http:\/\/legendywarszawskie.pl\/index.php?rest_route=%2Fwp%2Fv2%2Fmedia&parent=1947"}],"wp:term":[{"taxonomy":"category","embeddable":true,"href":"http:\/\/legendywarszawskie.pl\/index.php?rest_route=%2Fwp%2Fv2%2Fcategories&post=1947"},{"taxonomy":"post_tag","embeddable":true,"href":"http:\/\/legendywarszawskie.pl\/index.php?rest_route=%2Fwp%2Fv2%2Ftags&post=1947"}],"curies":[{"name":"wp","href":"https:\/\/api.w.org\/{rel}","templated":true}]}}