{"id":1917,"date":"2015-06-06T11:15:41","date_gmt":"2015-06-06T11:15:41","guid":{"rendered":"http:\/\/czucieiwiara.pl\/?p=1917"},"modified":"2015-06-29T10:46:19","modified_gmt":"2015-06-29T10:46:19","slug":"trzecia-recenzja","status":"publish","type":"post","link":"http:\/\/legendywarszawskie.pl\/?p=1917","title":{"rendered":"Trzecia recenzja"},"content":{"rendered":"<p>Ukaza\u0142a si\u0119 kolejna recenzja. Tym razem w tygodniku &#8222;Plus minus&#8221; &#8211; dodatku do Rzeczpospolitej.<\/p>\n<p><em><a href=\"http:\/\/czucieiwiara.pl\/wp-content\/uploads\/2015\/03\/piekarska1a-2.jpg\"><img loading=\"lazy\" decoding=\"async\" class=\"alignleft size-medium wp-image-1635\" src=\"http:\/\/czucieiwiara.pl\/wp-content\/uploads\/2015\/03\/piekarska1a-2-212x300.jpg\" alt=\"piekarska1a (2)\" width=\"212\" height=\"300\" srcset=\"http:\/\/legendywarszawskie.pl\/wp-content\/uploads\/2015\/03\/piekarska1a-2-212x300.jpg 212w, http:\/\/legendywarszawskie.pl\/wp-content\/uploads\/2015\/03\/piekarska1a-2.jpg 600w\" sizes=\"auto, (max-width: 212px) 100vw, 212px\" \/><\/a>Warszawa to dziwne miasto. Unicestwione, zbombardowane, zha\u0144bione butem niemieckiego i carskiego \u017co\u0142daka.<\/em><br \/>\n<em>Miasto o niezwyk\u0142ej historii, kt\u00f3ra dzieje si\u0119 przez ca\u0142y czas, jak d\u0142ugo b\u0119dziemy Polakami. To r\u00f3wnie\u017c miasto tysi\u0105ca tajemnic, kt\u00f3re czekaj\u0105 na swoich odkrywc\u00f3w. Przestrze\u0144 przyjazna \u2013 tu hipster patrzy na t\u0119cz\u0119, klepie w laptopa i s\u0105czy kawusi\u0119, a kibic sto\u0142ecznej dru\u017cyny w pobliskim barze Corso zamawia kolejny browar. Obaj nie wiedz\u0105, \u017ce obserwuj\u0105 ich warszawskie duchy \u2013 jeden siedzi na dzwonnicy ko\u015bcio\u0142a Zbawiciela, a drugi na zderzaku tramwaju, kt\u00f3ry w\u0142a\u015bnie skr\u0119ca w Nowowiejsk\u0105.<\/em><\/p>\n<p><em>Troch\u0119 wi\u0119cej o warszawskich duchach mo\u017cemy dowiedzie\u0107 si\u0119 z najnowszej ksi\u0105\u017cki Ma\u0142gorzaty Karoliny Piekarskiej. Pisarka i warszawianka wpad\u0142a na pomys\u0142 ich wywo\u0142ania po to, by opowiedzia\u0142y nam swoje historie. Zastosowa\u0142a przy tym genialnie prost\u0105 zasad\u0119 \u2013 jedna historia z dreszczykiem przypada na jedn\u0105 sto\u0142eczn\u0105 dzielnic\u0119.<\/em><br \/>\n<em>Tak wi\u0119c ka\u017cdy mieszkaniec stolicy znajdzie tu swoj\u0105 histori\u0119. Mnie dotyczy ta z Rembertowa. Detektywi z biura pod nazw\u0105 \u201eCzucie i wiara\u201d pragn\u0105 rozwik\u0142a\u0107 zagadk\u0119 p\u0142acz\u0105cej Madonny, stoj\u0105cej przy ulicy Che\u0142m\u017cy\u0144skiej, tu\u017c przy ogrodzeniu willi Granc\u00f3wka. Czy Madonna ma co\u015b wsp\u00f3lnego ze zrujnowanym budynkiem? Kiedy\u015b mieszka\u0142em na Woli, dlatego z uwag\u0105 przeczyta\u0142em te\u017c histori\u0119 zwi\u0105zan\u0105 z bliskim mi miejscem \u2013 cmentarzem ewangelicko-reformowanym na M\u0142ynarskiej. Co dzie\u0144 na gr\u00f3b syna przychodzi matka. I co dzie\u0144 rozmawia z eleganckim starszym panem nazywaj\u0105cym si\u0119 Hieronim Nieszkowski. S\u0119k w tym, \u017ce ten pan, uczestnik powstania styczniowego, zmar\u0142 w 1922 r. Co zatem robi na cmentarzu? Po co rozmawia z zasmucon\u0105 matk\u0105?<\/em><\/p>\n<p>\u0179r\u00f3d\u0142o: Rzeczpospolita,\u00a005.06.2015 (<a href=\"http:\/\/www.rp.pl\/artykul\/1206273.html\" target=\"_blank\">http:\/\/www.rp.pl\/artykul\/1206273.html<\/a>)<br \/>\nautor: Wojciech Chmielewski<\/p>\n","protected":false},"excerpt":{"rendered":"<p>Ukaza\u0142a si\u0119 kolejna recenzja. Tym razem w tygodniku &#8222;Plus minus&#8221; &#8211; dodatku do Rzeczpospolitej. Warszawa to dziwne miasto. Unicestwione, zbombardowane, zha\u0144bione butem niemieckiego i carskiego \u017co\u0142daka. Miasto o niezwyk\u0142ej historii, <a class=\"more-link\" href=\"http:\/\/legendywarszawskie.pl\/?p=1917\">Continue Reading &rarr;<\/a><\/p>\n","protected":false},"author":1,"featured_media":1635,"comment_status":"closed","ping_status":"closed","sticky":false,"template":"","format":"standard","meta":{"footnotes":""},"categories":[7,6,5,8,9,11,10,180,12,13,14,15,16,17,18,19,20,21,22],"tags":[207,187,206,205],"class_list":["post-1917","post","type-post","status-publish","format-standard","has-post-thumbnail","hentry","category-bemowo","category-bialoleka","category-bielany","category-mokotow","category-ochota","category-praga-polnoc","category-praga-poludnie","category-promocja","category-rembertow","category-srodmiescie","category-targowek","category-ursus","category-ursynow","category-wawer","category-wesola","category-wilanow","category-wlochy","category-wola","category-zoliborz","tag-plus-minus","tag-recenzja","tag-rzeczpospolita","tag-wojciech-chmielewski"],"_links":{"self":[{"href":"http:\/\/legendywarszawskie.pl\/index.php?rest_route=\/wp\/v2\/posts\/1917","targetHints":{"allow":["GET"]}}],"collection":[{"href":"http:\/\/legendywarszawskie.pl\/index.php?rest_route=\/wp\/v2\/posts"}],"about":[{"href":"http:\/\/legendywarszawskie.pl\/index.php?rest_route=\/wp\/v2\/types\/post"}],"author":[{"embeddable":true,"href":"http:\/\/legendywarszawskie.pl\/index.php?rest_route=\/wp\/v2\/users\/1"}],"replies":[{"embeddable":true,"href":"http:\/\/legendywarszawskie.pl\/index.php?rest_route=%2Fwp%2Fv2%2Fcomments&post=1917"}],"version-history":[{"count":3,"href":"http:\/\/legendywarszawskie.pl\/index.php?rest_route=\/wp\/v2\/posts\/1917\/revisions"}],"predecessor-version":[{"id":1940,"href":"http:\/\/legendywarszawskie.pl\/index.php?rest_route=\/wp\/v2\/posts\/1917\/revisions\/1940"}],"wp:featuredmedia":[{"embeddable":true,"href":"http:\/\/legendywarszawskie.pl\/index.php?rest_route=\/wp\/v2\/media\/1635"}],"wp:attachment":[{"href":"http:\/\/legendywarszawskie.pl\/index.php?rest_route=%2Fwp%2Fv2%2Fmedia&parent=1917"}],"wp:term":[{"taxonomy":"category","embeddable":true,"href":"http:\/\/legendywarszawskie.pl\/index.php?rest_route=%2Fwp%2Fv2%2Fcategories&post=1917"},{"taxonomy":"post_tag","embeddable":true,"href":"http:\/\/legendywarszawskie.pl\/index.php?rest_route=%2Fwp%2Fv2%2Ftags&post=1917"}],"curies":[{"name":"wp","href":"https:\/\/api.w.org\/{rel}","templated":true}]}}