{"id":1910,"date":"2015-06-07T13:11:13","date_gmt":"2015-06-07T13:11:13","guid":{"rendered":"http:\/\/czucieiwiara.pl\/?p=1910"},"modified":"2015-06-29T10:39:39","modified_gmt":"2015-06-29T10:39:39","slug":"biuro-krosnowskich-trafia-do-zrodla","status":"publish","type":"post","link":"http:\/\/legendywarszawskie.pl\/?p=1910","title":{"rendered":"Biuro Krosnowskich trafia do \u017ar\u00f3d\u0142a&#8230;"},"content":{"rendered":"<p><img loading=\"lazy\" decoding=\"async\" class=\"alignleft size-medium wp-image-1911\" src=\"http:\/\/czucieiwiara.pl\/wp-content\/uploads\/2015\/06\/DSC_8661-e1433681980988-201x300.jpg\" alt=\"DSC_8661\" width=\"201\" height=\"300\" srcset=\"http:\/\/legendywarszawskie.pl\/wp-content\/uploads\/2015\/06\/DSC_8661-e1433681980988-201x300.jpg 201w, http:\/\/legendywarszawskie.pl\/wp-content\/uploads\/2015\/06\/DSC_8661-e1433681980988-685x1024.jpg 685w\" sizes=\"auto, (max-width: 201px) 100vw, 201px\" \/>Mi\u0142o mi poinformowa\u0107, \u017ce <a href=\"http:\/\/czucieiwiara.pl\/?page_id=331\">wst\u0119p do ksi\u0105\u017cki<\/a> przeczyta\u0142am w muzeum-mieszkaniu Adama Mickiewicza podczas tegorocznego &#8222;Maja nad Wili\u0105&#8221;. W ten spos\u00f3b biuro detektywistyczne &#8222;Czucie i Wiara&#8221; wr\u00f3ci\u0142o\u00a0tam gdzie przysz\u0142o do mnie natchnienie, by tak je nazwa\u0107.<\/p>\n<p>Poniewa\u017c w ksi\u0105\u017cce opr\u00f3cz sztandarowego mickiewiczowskiego wiersza manifestu romantyka, czyli ballady &#8222;Romantyczno\u015b\u0107&#8221;, cytowany\u00a0jest jeszcze jeden wiersz Mickiewicza, dlatego w\u015br\u00f3d wile\u0144skich uczestnik\u00f3w festiwalu og\u0142osi\u0142am konkurs, w kt\u00f3rym nagord\u0105 by\u0142a moja ksi\u0105\u017cka i obietnica oprowadzenia po moim mie\u015bcie.<\/p>\n<p>Pytanie konkursowe brzmia\u0142o, co to za wiersz. A informacje o nim by\u0142y takie:<\/p>\n<p><strong><em>Wiersz dotyczy Warszawy i wydarzenia historycznego zwi\u0105zanego z Warszaw\u0105. Mickiewicz (cho\u0107 ma w stolicy sw\u00f3j pomnik) nigdy w Warszawie nie by\u0142, za\u015b wiersz napisa\u0142 pod wp\u0142ywem opowiadania naocznego \u015bwiadka, dlatego utw\u00f3r ma w podtytule s\u0142owo &#8222;opowiadanie&#8221;. Nie znalaz\u0142 si\u0119 w \u017cadnym tomie wierszy Mickiewicza, gdy\u017c by\u0142 prezentem dla przyjaciela, kt\u00f3ry o owym zdarzeniu mu opowiedzia\u0142.<\/em><\/strong><\/p>\n<p>Nie mog\u0142am zacytowa\u0107 nawet fragmentu, gdy\u017c to najbardziej znany wiersz Mickiewicza. Od przesz\u0142o 150 lat wszyscy ucz\u0105 si\u0119 go na pami\u0119\u0107 przynajmniej we fragmentach. Ka\u017cdy werset by\u0142by wi\u0119c podpowiedzi\u0105 u\u0142atwiaj\u0105c\u0105, cho\u0107 i bez tego cytatu po powy\u017cszych informacjach odpowied\u017a wydawa\u0142a mi si\u0119 prosta.<\/p>\n<p>Ksi\u0105\u017ck\u0119 wygra\u0142 wile\u0144ski poeta, dziennikarz i przewodnik miejski Wojciech Piotrowicz, ktory zgad\u0142, \u017ce chodzi o &#8222;Redut\u0119 Ordona&#8221;. Mam nadziej\u0119, \u017ce zwyci\u0119zca przyjedzie pewnego dnia do Warszawy, bym mog\u0142a go oprowadzi\u0107 po moim mie\u015bcie tak, jak on oprowadza\u0142 mnie po Wilnie.<\/p>\n","protected":false},"excerpt":{"rendered":"<p>Mi\u0142o mi poinformowa\u0107, \u017ce wst\u0119p do ksi\u0105\u017cki przeczyta\u0142am w muzeum-mieszkaniu Adama Mickiewicza podczas tegorocznego &#8222;Maja nad Wili\u0105&#8221;. W ten spos\u00f3b biuro detektywistyczne &#8222;Czucie i Wiara&#8221; wr\u00f3ci\u0142o\u00a0tam gdzie przysz\u0142o do mnie <a class=\"more-link\" href=\"http:\/\/legendywarszawskie.pl\/?p=1910\">Continue Reading &rarr;<\/a><\/p>\n","protected":false},"author":1,"featured_media":0,"comment_status":"closed","ping_status":"closed","sticky":false,"template":"","format":"standard","meta":{"footnotes":""},"categories":[7,6,5,8,9,11,10,180,12,13,14,15,16,17,18,19,20,21,22],"tags":[197,62,196],"class_list":["post-1910","post","type-post","status-publish","format-standard","hentry","category-bemowo","category-bialoleka","category-bielany","category-mokotow","category-ochota","category-praga-polnoc","category-praga-poludnie","category-promocja","category-rembertow","category-srodmiescie","category-targowek","category-ursus","category-ursynow","category-wawer","category-wesola","category-wilanow","category-wlochy","category-wola","category-zoliborz","tag-adam-mickiewicz","tag-reduta-ordona","tag-wilno"],"_links":{"self":[{"href":"http:\/\/legendywarszawskie.pl\/index.php?rest_route=\/wp\/v2\/posts\/1910","targetHints":{"allow":["GET"]}}],"collection":[{"href":"http:\/\/legendywarszawskie.pl\/index.php?rest_route=\/wp\/v2\/posts"}],"about":[{"href":"http:\/\/legendywarszawskie.pl\/index.php?rest_route=\/wp\/v2\/types\/post"}],"author":[{"embeddable":true,"href":"http:\/\/legendywarszawskie.pl\/index.php?rest_route=\/wp\/v2\/users\/1"}],"replies":[{"embeddable":true,"href":"http:\/\/legendywarszawskie.pl\/index.php?rest_route=%2Fwp%2Fv2%2Fcomments&post=1910"}],"version-history":[{"count":3,"href":"http:\/\/legendywarszawskie.pl\/index.php?rest_route=\/wp\/v2\/posts\/1910\/revisions"}],"predecessor-version":[{"id":1916,"href":"http:\/\/legendywarszawskie.pl\/index.php?rest_route=\/wp\/v2\/posts\/1910\/revisions\/1916"}],"wp:attachment":[{"href":"http:\/\/legendywarszawskie.pl\/index.php?rest_route=%2Fwp%2Fv2%2Fmedia&parent=1910"}],"wp:term":[{"taxonomy":"category","embeddable":true,"href":"http:\/\/legendywarszawskie.pl\/index.php?rest_route=%2Fwp%2Fv2%2Fcategories&post=1910"},{"taxonomy":"post_tag","embeddable":true,"href":"http:\/\/legendywarszawskie.pl\/index.php?rest_route=%2Fwp%2Fv2%2Ftags&post=1910"}],"curies":[{"name":"wp","href":"https:\/\/api.w.org\/{rel}","templated":true}]}}