{"id":1558,"date":"2015-01-26T09:29:56","date_gmt":"2015-01-26T09:29:56","guid":{"rendered":"http:\/\/czucieiwiara.pl\/?p=1558"},"modified":"2015-01-26T09:37:42","modified_gmt":"2015-01-26T09:37:42","slug":"tajemniczy-kubek-grzegorza","status":"publish","type":"post","link":"http:\/\/legendywarszawskie.pl\/?p=1558","title":{"rendered":"Tajemniczy kubek Grzegorza"},"content":{"rendered":"<p>Wreszcie sfotografowa\u0142am kubek, kt\u00f3ry by\u0142 jedn\u0105 z inspiracji do powstania rozdzia\u0142u o Weso\u0142ej. Oto on&#8230;\u00a0<a href=\"http:\/\/czucieiwiara.pl\/wp-content\/uploads\/2015\/01\/DSC_7769.jpg\"><img loading=\"lazy\" decoding=\"async\" class=\" size-medium wp-image-1559 aligncenter\" src=\"http:\/\/czucieiwiara.pl\/wp-content\/uploads\/2015\/01\/DSC_7769-300x201.jpg\" alt=\"DSC_7769\" width=\"300\" height=\"201\" srcset=\"http:\/\/legendywarszawskie.pl\/wp-content\/uploads\/2015\/01\/DSC_7769-300x201.jpg 300w, http:\/\/legendywarszawskie.pl\/wp-content\/uploads\/2015\/01\/DSC_7769-1024x685.jpg 1024w\" sizes=\"auto, (max-width: 300px) 100vw, 300px\" \/><\/a> <a href=\"http:\/\/czucieiwiara.pl\/wp-content\/uploads\/2015\/01\/DSC_7770.jpg\"><img loading=\"lazy\" decoding=\"async\" class=\" size-medium wp-image-1560 aligncenter\" src=\"http:\/\/czucieiwiara.pl\/wp-content\/uploads\/2015\/01\/DSC_7770-300x201.jpg\" alt=\"DSC_7770\" width=\"300\" height=\"201\" srcset=\"http:\/\/legendywarszawskie.pl\/wp-content\/uploads\/2015\/01\/DSC_7770-300x201.jpg 300w, http:\/\/legendywarszawskie.pl\/wp-content\/uploads\/2015\/01\/DSC_7770-1024x685.jpg 1024w\" sizes=\"auto, (max-width: 300px) 100vw, 300px\" \/><\/a> <a href=\"http:\/\/czucieiwiara.pl\/wp-content\/uploads\/2015\/01\/DSC_7771.jpg\"><img loading=\"lazy\" decoding=\"async\" class=\" size-medium wp-image-1561 aligncenter\" src=\"http:\/\/czucieiwiara.pl\/wp-content\/uploads\/2015\/01\/DSC_7771-300x201.jpg\" alt=\"DSC_7771\" width=\"300\" height=\"201\" srcset=\"http:\/\/legendywarszawskie.pl\/wp-content\/uploads\/2015\/01\/DSC_7771-300x201.jpg 300w, http:\/\/legendywarszawskie.pl\/wp-content\/uploads\/2015\/01\/DSC_7771-1024x685.jpg 1024w\" sizes=\"auto, (max-width: 300px) 100vw, 300px\" \/><\/a> <a href=\"http:\/\/czucieiwiara.pl\/wp-content\/uploads\/2015\/01\/DSC_7772.jpg\"><img loading=\"lazy\" decoding=\"async\" class=\" size-medium wp-image-1562 aligncenter\" src=\"http:\/\/czucieiwiara.pl\/wp-content\/uploads\/2015\/01\/DSC_7772-300x201.jpg\" alt=\"DSC_7772\" width=\"300\" height=\"201\" srcset=\"http:\/\/legendywarszawskie.pl\/wp-content\/uploads\/2015\/01\/DSC_7772-300x201.jpg 300w, http:\/\/legendywarszawskie.pl\/wp-content\/uploads\/2015\/01\/DSC_7772-1024x685.jpg 1024w\" sizes=\"auto, (max-width: 300px) 100vw, 300px\" \/><\/a><a href=\"http:\/\/czucieiwiara.pl\/wp-content\/uploads\/2015\/01\/DSC_7774-e1422264564850.jpg\"><img loading=\"lazy\" decoding=\"async\" class=\" size-medium wp-image-1564 aligncenter\" src=\"http:\/\/czucieiwiara.pl\/wp-content\/uploads\/2015\/01\/DSC_7774-e1422264564850-201x300.jpg\" alt=\"DSC_7774\" width=\"201\" height=\"300\" srcset=\"http:\/\/legendywarszawskie.pl\/wp-content\/uploads\/2015\/01\/DSC_7774-e1422264564850-201x300.jpg 201w, http:\/\/legendywarszawskie.pl\/wp-content\/uploads\/2015\/01\/DSC_7774-e1422264564850-685x1024.jpg 685w\" sizes=\"auto, (max-width: 201px) 100vw, 201px\" \/><\/a> <a href=\"http:\/\/czucieiwiara.pl\/wp-content\/uploads\/2015\/01\/DSC_7773-e1422264543800.jpg\"><img loading=\"lazy\" decoding=\"async\" class=\" size-medium wp-image-1563 aligncenter\" src=\"http:\/\/czucieiwiara.pl\/wp-content\/uploads\/2015\/01\/DSC_7773-e1422264543800-201x300.jpg\" alt=\"DSC_7773\" width=\"201\" height=\"300\" srcset=\"http:\/\/legendywarszawskie.pl\/wp-content\/uploads\/2015\/01\/DSC_7773-e1422264543800-201x300.jpg 201w, http:\/\/legendywarszawskie.pl\/wp-content\/uploads\/2015\/01\/DSC_7773-e1422264543800-685x1024.jpg 685w\" sizes=\"auto, (max-width: 201px) 100vw, 201px\" \/><\/a><\/p>\n","protected":false},"excerpt":{"rendered":"<p>Wreszcie sfotografowa\u0142am kubek, kt\u00f3ry by\u0142 jedn\u0105 z inspiracji do powstania rozdzia\u0142u o Weso\u0142ej. Oto on&#8230;\u00a0<\/p>\n","protected":false},"author":1,"featured_media":0,"comment_status":"closed","ping_status":"closed","sticky":false,"template":"","format":"standard","meta":{"footnotes":""},"categories":[18],"tags":[172,170,171],"class_list":["post-1558","post","type-post","status-publish","format-standard","hentry","category-wesola","tag-cyna","tag-kubek","tag-przedmiot"],"_links":{"self":[{"href":"http:\/\/legendywarszawskie.pl\/index.php?rest_route=\/wp\/v2\/posts\/1558","targetHints":{"allow":["GET"]}}],"collection":[{"href":"http:\/\/legendywarszawskie.pl\/index.php?rest_route=\/wp\/v2\/posts"}],"about":[{"href":"http:\/\/legendywarszawskie.pl\/index.php?rest_route=\/wp\/v2\/types\/post"}],"author":[{"embeddable":true,"href":"http:\/\/legendywarszawskie.pl\/index.php?rest_route=\/wp\/v2\/users\/1"}],"replies":[{"embeddable":true,"href":"http:\/\/legendywarszawskie.pl\/index.php?rest_route=%2Fwp%2Fv2%2Fcomments&post=1558"}],"version-history":[{"count":2,"href":"http:\/\/legendywarszawskie.pl\/index.php?rest_route=\/wp\/v2\/posts\/1558\/revisions"}],"predecessor-version":[{"id":1566,"href":"http:\/\/legendywarszawskie.pl\/index.php?rest_route=\/wp\/v2\/posts\/1558\/revisions\/1566"}],"wp:attachment":[{"href":"http:\/\/legendywarszawskie.pl\/index.php?rest_route=%2Fwp%2Fv2%2Fmedia&parent=1558"}],"wp:term":[{"taxonomy":"category","embeddable":true,"href":"http:\/\/legendywarszawskie.pl\/index.php?rest_route=%2Fwp%2Fv2%2Fcategories&post=1558"},{"taxonomy":"post_tag","embeddable":true,"href":"http:\/\/legendywarszawskie.pl\/index.php?rest_route=%2Fwp%2Fv2%2Ftags&post=1558"}],"curies":[{"name":"wp","href":"https:\/\/api.w.org\/{rel}","templated":true}]}}