{"id":151,"date":"2014-02-17T18:12:36","date_gmt":"2014-02-17T18:12:36","guid":{"rendered":"http:\/\/legendywarszawskie.pl\/?p=151"},"modified":"2015-03-11T06:44:03","modified_gmt":"2015-03-11T06:44:03","slug":"teraz-oficjalnie","status":"publish","type":"post","link":"http:\/\/legendywarszawskie.pl\/?p=151","title":{"rendered":"Teraz oficjalnie"},"content":{"rendered":"<p>Dosta\u0142am dzi\u015b oficjalne pismo, kt\u00f3re potwierdza, \u017ce jestem stypendystk\u0105 MKiDN.<\/p>\n<p><a href=\"http:\/\/legendywarszawskie.pl\/wp-content\/uploads\/2014\/03\/dokument03.jpg\"><img loading=\"lazy\" decoding=\"async\" class=\"aligncenter size-medium wp-image-152\" src=\"http:\/\/legendywarszawskie.pl\/wp-content\/uploads\/2014\/03\/dokument03-300x225.jpg\" alt=\"dokument03\" width=\"300\" height=\"225\" srcset=\"http:\/\/legendywarszawskie.pl\/wp-content\/uploads\/2014\/03\/dokument03-300x225.jpg 300w, http:\/\/legendywarszawskie.pl\/wp-content\/uploads\/2014\/03\/dokument03-624x468.jpg 624w, http:\/\/legendywarszawskie.pl\/wp-content\/uploads\/2014\/03\/dokument03.jpg 960w\" sizes=\"auto, (max-width: 300px) 100vw, 300px\" \/><\/a> <a href=\"http:\/\/legendywarszawskie.pl\/wp-content\/uploads\/2014\/03\/dokument01.jpg\"><img loading=\"lazy\" decoding=\"async\" class=\"aligncenter size-medium wp-image-153\" src=\"http:\/\/legendywarszawskie.pl\/wp-content\/uploads\/2014\/03\/dokument01-300x225.jpg\" alt=\"dokument01\" width=\"300\" height=\"225\" srcset=\"http:\/\/legendywarszawskie.pl\/wp-content\/uploads\/2014\/03\/dokument01-300x225.jpg 300w, http:\/\/legendywarszawskie.pl\/wp-content\/uploads\/2014\/03\/dokument01-624x468.jpg 624w, http:\/\/legendywarszawskie.pl\/wp-content\/uploads\/2014\/03\/dokument01.jpg 960w\" sizes=\"auto, (max-width: 300px) 100vw, 300px\" \/><\/a> <a href=\"http:\/\/legendywarszawskie.pl\/wp-content\/uploads\/2014\/03\/dokument02.jpg\"><img loading=\"lazy\" decoding=\"async\" class=\"aligncenter size-medium wp-image-154\" src=\"http:\/\/legendywarszawskie.pl\/wp-content\/uploads\/2014\/03\/dokument02-300x225.jpg\" alt=\"dokument02\" width=\"300\" height=\"225\" srcset=\"http:\/\/legendywarszawskie.pl\/wp-content\/uploads\/2014\/03\/dokument02-300x225.jpg 300w, http:\/\/legendywarszawskie.pl\/wp-content\/uploads\/2014\/03\/dokument02-624x468.jpg 624w, http:\/\/legendywarszawskie.pl\/wp-content\/uploads\/2014\/03\/dokument02.jpg 960w\" sizes=\"auto, (max-width: 300px) 100vw, 300px\" \/><\/a><\/p>\n","protected":false},"excerpt":{"rendered":"<p>Dosta\u0142am dzi\u015b oficjalne pismo, kt\u00f3re potwierdza, \u017ce jestem stypendystk\u0105 MKiDN.<\/p>\n","protected":false},"author":1,"featured_media":0,"comment_status":"closed","ping_status":"closed","sticky":false,"template":"","format":"standard","meta":{"footnotes":""},"categories":[180],"tags":[46,47],"class_list":["post-151","post","type-post","status-publish","format-standard","hentry","category-promocja","tag-dokumenty","tag-stypendium"],"_links":{"self":[{"href":"http:\/\/legendywarszawskie.pl\/index.php?rest_route=\/wp\/v2\/posts\/151","targetHints":{"allow":["GET"]}}],"collection":[{"href":"http:\/\/legendywarszawskie.pl\/index.php?rest_route=\/wp\/v2\/posts"}],"about":[{"href":"http:\/\/legendywarszawskie.pl\/index.php?rest_route=\/wp\/v2\/types\/post"}],"author":[{"embeddable":true,"href":"http:\/\/legendywarszawskie.pl\/index.php?rest_route=\/wp\/v2\/users\/1"}],"replies":[{"embeddable":true,"href":"http:\/\/legendywarszawskie.pl\/index.php?rest_route=%2Fwp%2Fv2%2Fcomments&post=151"}],"version-history":[{"count":2,"href":"http:\/\/legendywarszawskie.pl\/index.php?rest_route=\/wp\/v2\/posts\/151\/revisions"}],"predecessor-version":[{"id":1648,"href":"http:\/\/legendywarszawskie.pl\/index.php?rest_route=\/wp\/v2\/posts\/151\/revisions\/1648"}],"wp:attachment":[{"href":"http:\/\/legendywarszawskie.pl\/index.php?rest_route=%2Fwp%2Fv2%2Fmedia&parent=151"}],"wp:term":[{"taxonomy":"category","embeddable":true,"href":"http:\/\/legendywarszawskie.pl\/index.php?rest_route=%2Fwp%2Fv2%2Fcategories&post=151"},{"taxonomy":"post_tag","embeddable":true,"href":"http:\/\/legendywarszawskie.pl\/index.php?rest_route=%2Fwp%2Fv2%2Ftags&post=151"}],"curies":[{"name":"wp","href":"https:\/\/api.w.org\/{rel}","templated":true}]}}