{"id":138,"date":"2014-03-01T17:49:20","date_gmt":"2014-03-01T17:49:20","guid":{"rendered":"http:\/\/legendywarszawskie.pl\/?p=138"},"modified":"2014-08-31T14:49:41","modified_gmt":"2014-08-31T14:49:41","slug":"a-ta-legenda-juz-jest","status":"publish","type":"post","link":"http:\/\/legendywarszawskie.pl\/?p=138","title":{"rendered":"A ta legenda ju\u017c jest"},"content":{"rendered":"<p>Ta legenda o Targ\u00f3wku pt. &#8222;Tajemnica przystanku tramwajowego&#8221; ju\u017c jest, bo to od niej wszystko si\u0119 zacz\u0119\u0142o. Wiosn\u0105, gdy b\u0119dzie cieplej powstanie sesja fotograficzna. Na razie tzw. &#8222;prewki&#8221; (nie lubi\u0119 tego s\u0142owa) dokumentacyjne.<\/p>\n<p><a href=\"http:\/\/legendywarszawskie.pl\/wp-content\/uploads\/2014\/03\/20140214_142310.jpg\"><img loading=\"lazy\" decoding=\"async\" class=\"aligncenter size-medium wp-image-139\" alt=\"20140214_142310\" src=\"http:\/\/legendywarszawskie.pl\/wp-content\/uploads\/2014\/03\/20140214_142310-300x225.jpg\" width=\"300\" height=\"225\" srcset=\"http:\/\/legendywarszawskie.pl\/wp-content\/uploads\/2014\/03\/20140214_142310-300x225.jpg 300w, http:\/\/legendywarszawskie.pl\/wp-content\/uploads\/2014\/03\/20140214_142310-1024x768.jpg 1024w, http:\/\/legendywarszawskie.pl\/wp-content\/uploads\/2014\/03\/20140214_142310-624x467.jpg 624w\" sizes=\"auto, (max-width: 300px) 100vw, 300px\" \/><\/a> <a href=\"http:\/\/legendywarszawskie.pl\/wp-content\/uploads\/2014\/03\/20140214_141947.jpg\"><img loading=\"lazy\" decoding=\"async\" class=\"aligncenter size-medium wp-image-140\" alt=\"20140214_141947\" src=\"http:\/\/legendywarszawskie.pl\/wp-content\/uploads\/2014\/03\/20140214_141947-300x225.jpg\" width=\"300\" height=\"225\" srcset=\"http:\/\/legendywarszawskie.pl\/wp-content\/uploads\/2014\/03\/20140214_141947-300x225.jpg 300w, http:\/\/legendywarszawskie.pl\/wp-content\/uploads\/2014\/03\/20140214_141947-1024x768.jpg 1024w, http:\/\/legendywarszawskie.pl\/wp-content\/uploads\/2014\/03\/20140214_141947-624x467.jpg 624w\" sizes=\"auto, (max-width: 300px) 100vw, 300px\" \/><\/a> <a href=\"http:\/\/legendywarszawskie.pl\/wp-content\/uploads\/2014\/03\/20140214_142009.jpg\"><img loading=\"lazy\" decoding=\"async\" class=\"aligncenter size-medium wp-image-141\" alt=\"20140214_142009\" src=\"http:\/\/legendywarszawskie.pl\/wp-content\/uploads\/2014\/03\/20140214_142009-300x225.jpg\" width=\"300\" height=\"225\" srcset=\"http:\/\/legendywarszawskie.pl\/wp-content\/uploads\/2014\/03\/20140214_142009-300x225.jpg 300w, http:\/\/legendywarszawskie.pl\/wp-content\/uploads\/2014\/03\/20140214_142009-1024x768.jpg 1024w, http:\/\/legendywarszawskie.pl\/wp-content\/uploads\/2014\/03\/20140214_142009-624x467.jpg 624w\" sizes=\"auto, (max-width: 300px) 100vw, 300px\" \/><\/a> <a href=\"http:\/\/legendywarszawskie.pl\/wp-content\/uploads\/2014\/03\/20140214_142114.jpg\"><img loading=\"lazy\" decoding=\"async\" class=\"aligncenter size-medium wp-image-142\" alt=\"20140214_142114\" src=\"http:\/\/legendywarszawskie.pl\/wp-content\/uploads\/2014\/03\/20140214_142114-225x300.jpg\" width=\"225\" height=\"300\" srcset=\"http:\/\/legendywarszawskie.pl\/wp-content\/uploads\/2014\/03\/20140214_142114-225x300.jpg 225w, http:\/\/legendywarszawskie.pl\/wp-content\/uploads\/2014\/03\/20140214_142114-768x1024.jpg 768w, http:\/\/legendywarszawskie.pl\/wp-content\/uploads\/2014\/03\/20140214_142114-624x832.jpg 624w\" sizes=\"auto, (max-width: 225px) 100vw, 225px\" \/><\/a> <a href=\"http:\/\/legendywarszawskie.pl\/wp-content\/uploads\/2014\/03\/20140214_142129.jpg\"><img loading=\"lazy\" decoding=\"async\" class=\"aligncenter size-medium wp-image-143\" alt=\"20140214_142129\" src=\"http:\/\/legendywarszawskie.pl\/wp-content\/uploads\/2014\/03\/20140214_142129-300x225.jpg\" width=\"300\" height=\"225\" srcset=\"http:\/\/legendywarszawskie.pl\/wp-content\/uploads\/2014\/03\/20140214_142129-300x225.jpg 300w, http:\/\/legendywarszawskie.pl\/wp-content\/uploads\/2014\/03\/20140214_142129-1024x768.jpg 1024w, http:\/\/legendywarszawskie.pl\/wp-content\/uploads\/2014\/03\/20140214_142129-624x467.jpg 624w\" sizes=\"auto, (max-width: 300px) 100vw, 300px\" \/><\/a> <a href=\"http:\/\/legendywarszawskie.pl\/wp-content\/uploads\/2014\/03\/20140214_142208.jpg\"><img loading=\"lazy\" decoding=\"async\" class=\"aligncenter size-medium wp-image-144\" alt=\"20140214_142208\" src=\"http:\/\/legendywarszawskie.pl\/wp-content\/uploads\/2014\/03\/20140214_142208-300x225.jpg\" width=\"300\" height=\"225\" srcset=\"http:\/\/legendywarszawskie.pl\/wp-content\/uploads\/2014\/03\/20140214_142208-300x225.jpg 300w, http:\/\/legendywarszawskie.pl\/wp-content\/uploads\/2014\/03\/20140214_142208-1024x768.jpg 1024w, http:\/\/legendywarszawskie.pl\/wp-content\/uploads\/2014\/03\/20140214_142208-624x467.jpg 624w\" sizes=\"auto, (max-width: 300px) 100vw, 300px\" \/><\/a> <a href=\"http:\/\/legendywarszawskie.pl\/wp-content\/uploads\/2014\/03\/20140214_142226.jpg\"><img loading=\"lazy\" decoding=\"async\" class=\"aligncenter size-medium wp-image-145\" alt=\"20140214_142226\" src=\"http:\/\/legendywarszawskie.pl\/wp-content\/uploads\/2014\/03\/20140214_142226-225x300.jpg\" width=\"225\" height=\"300\" srcset=\"http:\/\/legendywarszawskie.pl\/wp-content\/uploads\/2014\/03\/20140214_142226-225x300.jpg 225w, http:\/\/legendywarszawskie.pl\/wp-content\/uploads\/2014\/03\/20140214_142226-768x1024.jpg 768w, http:\/\/legendywarszawskie.pl\/wp-content\/uploads\/2014\/03\/20140214_142226-624x832.jpg 624w\" sizes=\"auto, (max-width: 225px) 100vw, 225px\" \/><\/a><\/p>\n","protected":false},"excerpt":{"rendered":"<p>Ta legenda o Targ\u00f3wku pt. &#8222;Tajemnica przystanku tramwajowego&#8221; ju\u017c jest, bo to od niej wszystko si\u0119 zacz\u0119\u0142o. Wiosn\u0105, gdy b\u0119dzie cieplej powstanie sesja fotograficzna. Na razie tzw. &#8222;prewki&#8221; (nie lubi\u0119 <a class=\"more-link\" href=\"http:\/\/legendywarszawskie.pl\/?p=138\">Continue Reading &rarr;<\/a><\/p>\n","protected":false},"author":1,"featured_media":0,"comment_status":"closed","ping_status":"closed","sticky":false,"template":"","format":"standard","meta":{"footnotes":""},"categories":[14],"tags":[24,25,45,34,236,135,134,136],"class_list":["post-138","post","type-post","status-publish","format-standard","hentry","category-targowek","tag-dokumentacja","tag-fotografie","tag-pomnik","tag-przystanek","tag-targowek","tag-tramwaje-warszawskie","tag-ul-wysockiego","tag-wojna-polsko-bolszewicka"],"_links":{"self":[{"href":"http:\/\/legendywarszawskie.pl\/index.php?rest_route=\/wp\/v2\/posts\/138","targetHints":{"allow":["GET"]}}],"collection":[{"href":"http:\/\/legendywarszawskie.pl\/index.php?rest_route=\/wp\/v2\/posts"}],"about":[{"href":"http:\/\/legendywarszawskie.pl\/index.php?rest_route=\/wp\/v2\/types\/post"}],"author":[{"embeddable":true,"href":"http:\/\/legendywarszawskie.pl\/index.php?rest_route=\/wp\/v2\/users\/1"}],"replies":[{"embeddable":true,"href":"http:\/\/legendywarszawskie.pl\/index.php?rest_route=%2Fwp%2Fv2%2Fcomments&post=138"}],"version-history":[{"count":1,"href":"http:\/\/legendywarszawskie.pl\/index.php?rest_route=\/wp\/v2\/posts\/138\/revisions"}],"predecessor-version":[{"id":146,"href":"http:\/\/legendywarszawskie.pl\/index.php?rest_route=\/wp\/v2\/posts\/138\/revisions\/146"}],"wp:attachment":[{"href":"http:\/\/legendywarszawskie.pl\/index.php?rest_route=%2Fwp%2Fv2%2Fmedia&parent=138"}],"wp:term":[{"taxonomy":"category","embeddable":true,"href":"http:\/\/legendywarszawskie.pl\/index.php?rest_route=%2Fwp%2Fv2%2Fcategories&post=138"},{"taxonomy":"post_tag","embeddable":true,"href":"http:\/\/legendywarszawskie.pl\/index.php?rest_route=%2Fwp%2Fv2%2Ftags&post=138"}],"curies":[{"name":"wp","href":"https:\/\/api.w.org\/{rel}","templated":true}]}}