{"id":1132,"date":"2014-05-15T09:03:02","date_gmt":"2014-05-15T09:03:02","guid":{"rendered":"http:\/\/legendywarszawskie.pl\/?p=1132"},"modified":"2014-09-01T08:17:39","modified_gmt":"2014-09-01T08:17:39","slug":"a-moze-szwedzi","status":"publish","type":"post","link":"http:\/\/legendywarszawskie.pl\/?p=1132","title":{"rendered":"A mo\u017ce Szwedzi?"},"content":{"rendered":"<p>Po namy\u015ble Potop Szwedzki zosta\u0142 tematem legendy Pragi P\u00f3\u0142noc.\u00a0<a href=\"http:\/\/legendywarszawskie.pl\/wp-content\/uploads\/2014\/08\/DSC_6101.jpg\"><img loading=\"lazy\" decoding=\"async\" class=\"aligncenter size-medium wp-image-1133\" src=\"http:\/\/legendywarszawskie.pl\/wp-content\/uploads\/2014\/08\/DSC_6101-300x200.jpg\" alt=\"DSC_6101\" width=\"300\" height=\"200\" srcset=\"http:\/\/legendywarszawskie.pl\/wp-content\/uploads\/2014\/08\/DSC_6101-300x200.jpg 300w, http:\/\/legendywarszawskie.pl\/wp-content\/uploads\/2014\/08\/DSC_6101-1024x685.jpg 1024w, http:\/\/legendywarszawskie.pl\/wp-content\/uploads\/2014\/08\/DSC_6101-800x535.jpg 800w\" sizes=\"auto, (max-width: 300px) 100vw, 300px\" \/><\/a> <a href=\"http:\/\/legendywarszawskie.pl\/wp-content\/uploads\/2014\/08\/DSC_6102.jpg\"><img loading=\"lazy\" decoding=\"async\" class=\"aligncenter size-medium wp-image-1134\" src=\"http:\/\/legendywarszawskie.pl\/wp-content\/uploads\/2014\/08\/DSC_6102-200x300.jpg\" alt=\"DSC_6102\" width=\"200\" height=\"300\" srcset=\"http:\/\/legendywarszawskie.pl\/wp-content\/uploads\/2014\/08\/DSC_6102-200x300.jpg 200w, http:\/\/legendywarszawskie.pl\/wp-content\/uploads\/2014\/08\/DSC_6102-685x1024.jpg 685w, http:\/\/legendywarszawskie.pl\/wp-content\/uploads\/2014\/08\/DSC_6102-800x1195.jpg 800w\" sizes=\"auto, (max-width: 200px) 100vw, 200px\" \/><\/a> <a href=\"http:\/\/legendywarszawskie.pl\/wp-content\/uploads\/2014\/08\/DSC_6103.jpg\"><img loading=\"lazy\" decoding=\"async\" class=\"aligncenter size-medium wp-image-1135\" src=\"http:\/\/legendywarszawskie.pl\/wp-content\/uploads\/2014\/08\/DSC_6103-200x300.jpg\" alt=\"DSC_6103\" width=\"200\" height=\"300\" srcset=\"http:\/\/legendywarszawskie.pl\/wp-content\/uploads\/2014\/08\/DSC_6103-200x300.jpg 200w, http:\/\/legendywarszawskie.pl\/wp-content\/uploads\/2014\/08\/DSC_6103-685x1024.jpg 685w, http:\/\/legendywarszawskie.pl\/wp-content\/uploads\/2014\/08\/DSC_6103-800x1195.jpg 800w\" sizes=\"auto, (max-width: 200px) 100vw, 200px\" \/><\/a> <a href=\"http:\/\/legendywarszawskie.pl\/wp-content\/uploads\/2014\/08\/DSC_6104.jpg\"><img loading=\"lazy\" decoding=\"async\" class=\"aligncenter size-medium wp-image-1136\" src=\"http:\/\/legendywarszawskie.pl\/wp-content\/uploads\/2014\/08\/DSC_6104-200x300.jpg\" alt=\"DSC_6104\" width=\"200\" height=\"300\" srcset=\"http:\/\/legendywarszawskie.pl\/wp-content\/uploads\/2014\/08\/DSC_6104-200x300.jpg 200w, http:\/\/legendywarszawskie.pl\/wp-content\/uploads\/2014\/08\/DSC_6104-685x1024.jpg 685w, http:\/\/legendywarszawskie.pl\/wp-content\/uploads\/2014\/08\/DSC_6104-800x1195.jpg 800w\" sizes=\"auto, (max-width: 200px) 100vw, 200px\" \/><\/a><\/p>\n","protected":false},"excerpt":{"rendered":"<p>Po namy\u015ble Potop Szwedzki zosta\u0142 tematem legendy Pragi P\u00f3\u0142noc.\u00a0<\/p>\n","protected":false},"author":1,"featured_media":0,"comment_status":"closed","ping_status":"closed","sticky":false,"template":"","format":"standard","meta":{"footnotes":""},"categories":[10],"tags":[108,45,89,232,133],"class_list":["post-1132","post","type-post","status-publish","format-standard","hentry","category-praga-poludnie","tag-bitwa-ze-szwedami","tag-pomnik","tag-potop-szwedzki","tag-praga-poludnie","tag-saska-kepa"],"_links":{"self":[{"href":"http:\/\/legendywarszawskie.pl\/index.php?rest_route=\/wp\/v2\/posts\/1132","targetHints":{"allow":["GET"]}}],"collection":[{"href":"http:\/\/legendywarszawskie.pl\/index.php?rest_route=\/wp\/v2\/posts"}],"about":[{"href":"http:\/\/legendywarszawskie.pl\/index.php?rest_route=\/wp\/v2\/types\/post"}],"author":[{"embeddable":true,"href":"http:\/\/legendywarszawskie.pl\/index.php?rest_route=\/wp\/v2\/users\/1"}],"replies":[{"embeddable":true,"href":"http:\/\/legendywarszawskie.pl\/index.php?rest_route=%2Fwp%2Fv2%2Fcomments&post=1132"}],"version-history":[{"count":2,"href":"http:\/\/legendywarszawskie.pl\/index.php?rest_route=\/wp\/v2\/posts\/1132\/revisions"}],"predecessor-version":[{"id":1350,"href":"http:\/\/legendywarszawskie.pl\/index.php?rest_route=\/wp\/v2\/posts\/1132\/revisions\/1350"}],"wp:attachment":[{"href":"http:\/\/legendywarszawskie.pl\/index.php?rest_route=%2Fwp%2Fv2%2Fmedia&parent=1132"}],"wp:term":[{"taxonomy":"category","embeddable":true,"href":"http:\/\/legendywarszawskie.pl\/index.php?rest_route=%2Fwp%2Fv2%2Fcategories&post=1132"},{"taxonomy":"post_tag","embeddable":true,"href":"http:\/\/legendywarszawskie.pl\/index.php?rest_route=%2Fwp%2Fv2%2Ftags&post=1132"}],"curies":[{"name":"wp","href":"https:\/\/api.w.org\/{rel}","templated":true}]}}